{"id":20358,"date":"2026-09-01T11:35:27","date_gmt":"2026-09-01T11:35:27","guid":{"rendered":"https:\/\/www.mairie-chailly-en-biere.fr\/?p=20358"},"modified":"2026-09-01T11:37:36","modified_gmt":"2026-09-01T11:37:36","slug":"activites-enfance-et-jeunesse-du-pays-de-fontaibleau","status":"publish","type":"post","link":"https:\/\/www.mairie-chailly-en-biere.fr\/?p=20358","title":{"rendered":"Activit\u00e9s Enfance et Jeunesse du Pays de Fontaibleau"},"content":{"rendered":"<p style=\"text-align: justify;\"><img loading=\"lazy\" decoding=\"async\" class=\"wp-image-10249 size-full alignleft\" src=\"https:\/\/www.mairie-chailly-en-biere.fr\/wp-content\/uploads\/logo-paysdefontainebleau.jpg\" alt=\"\" width=\"256\" height=\"93\" \/>Les demandes de r\u00e9servation des activit\u00e9s ENFANCE et JEUNESSE du Pays de Fontainebleau pour les vacances de la TOUSSAINT 2026 seront ouvertes \u00e0 compter du Mardi 8 Septembre 2026 \u00e0 9 h. Les inscriptions sont \u00e0 valider par le portail famille Portail familles (<a href=\"https:\/\/pays-fontainebleau.portail-defi.net\/\" target=\"_blank\" rel=\"noopener\">portail-defi.net<\/a>).<\/p>\n<ul>\n<li style=\"text-align: justify;\">Accueil de loisirs primaires (3-10 ans, maternels \u00e0 partir de 3 ans r\u00e9volus inscrits sur une liste scolaire, et \u00e9l\u00e9mentaires), avec repas et go\u00fbter inclus, journ\u00e9e compl\u00e8te du lundi 19 au vendredi 30 octobre 2026. L\u2019activit\u00e9 se d\u00e9roulera dans le b\u00e2timent socioculturel de CELY.<\/li>\n<li style=\"text-align: justify;\">Journ\u00e9es Oxyg\u00e8ne Adolescents (coll\u00e9giens, lyc\u00e9ens jusqu\u2019\u00e0 17 ans), sans repas (fournir repas froid ou \u00e0 r\u00e9chauffer) avec go\u00fbter inclus,<br \/>\n&#8211;\u00a0\u00a0\u00a0\u00a0\u00a0\u00a0du lundi 19 au vendredi 23 octobre 2026 \u00e0 la salle de Richelieu \u00e0 Chartrettes<br \/>\n&#8211;\u00a0\u00a0\u00a0\u00a0\u00a0\u00a0du lundi 26 au vendredi 30 octobre 2026 \u00e0 la salle polyvalente \u00e0 Fleury-en-Bi\u00e8re.<\/li>\n<\/ul>\n<p style=\"text-align: justify;\">Vous pouvez joindre le Service Enfance Jeunesse au 01.60.66.12.53 ou \u00e0 <a href=\"mailto:enfance.jeunesse@pays-fontainebleau.fr\">enfance.jeunesse@pays-fontainebleau.fr.<\/a> Le standard t\u00e9l\u00e9phonique est ouvert le lundi, mardi, jeudi, vendredi de 9h \u00e0 12h ou sur rendez-vous.<\/p>\n","protected":false},"excerpt":{"rendered":"<p>Les demandes de r\u00e9servation des activit\u00e9s ENFANCE et JEUNESSE du Pays de Fontainebleau pour les vacances de la TOUSSAINT 2026 seront ouvertes \u00e0 compter du Mardi 8 Septembre 2026 \u00e0 9 h. Les inscriptions sont \u00e0 valider par le portail famille Portail familles (portail-defi.net). Accueil de loisirs primaires (3-10 ans, maternels \u00e0 partir de 3 &hellip; <\/p>\n<p><a class=\"more-link btn\" href=\"https:\/\/www.mairie-chailly-en-biere.fr\/?p=20358\">Lire la suite<\/a><\/p>\n","protected":false},"author":2,"featured_media":0,"comment_status":"closed","ping_status":"closed","sticky":false,"template":"","format":"standard","meta":{"footnotes":""},"categories":[9],"tags":[],"class_list":["post-20358","post","type-post","status-publish","format-standard","hentry","category-flash-infos","nodate","item-wrap"],"_links":{"self":[{"href":"https:\/\/www.mairie-chailly-en-biere.fr\/index.php?rest_route=\/wp\/v2\/posts\/20358","targetHints":{"allow":["GET"]}}],"collection":[{"href":"https:\/\/www.mairie-chailly-en-biere.fr\/index.php?rest_route=\/wp\/v2\/posts"}],"about":[{"href":"https:\/\/www.mairie-chailly-en-biere.fr\/index.php?rest_route=\/wp\/v2\/types\/post"}],"author":[{"embeddable":true,"href":"https:\/\/www.mairie-chailly-en-biere.fr\/index.php?rest_route=\/wp\/v2\/users\/2"}],"replies":[{"embeddable":true,"href":"https:\/\/www.mairie-chailly-en-biere.fr\/index.php?rest_route=%2Fwp%2Fv2%2Fcomments&post=20358"}],"version-history":[{"count":5,"href":"https:\/\/www.mairie-chailly-en-biere.fr\/index.php?rest_route=\/wp\/v2\/posts\/20358\/revisions"}],"predecessor-version":[{"id":20363,"href":"https:\/\/www.mairie-chailly-en-biere.fr\/index.php?rest_route=\/wp\/v2\/posts\/20358\/revisions\/20363"}],"wp:attachment":[{"href":"https:\/\/www.mairie-chailly-en-biere.fr\/index.php?rest_route=%2Fwp%2Fv2%2Fmedia&parent=20358"}],"wp:term":[{"taxonomy":"category","embeddable":true,"href":"https:\/\/www.mairie-chailly-en-biere.fr\/index.php?rest_route=%2Fwp%2Fv2%2Fcategories&post=20358"},{"taxonomy":"post_tag","embeddable":true,"href":"https:\/\/www.mairie-chailly-en-biere.fr\/index.php?rest_route=%2Fwp%2Fv2%2Ftags&post=20358"}],"curies":[{"name":"wp","href":"https:\/\/api.w.org\/{rel}","templated":true}]}}