{"id":20345,"date":"2026-08-31T07:58:36","date_gmt":"2026-08-31T07:58:36","guid":{"rendered":"https:\/\/www.mairie-chailly-en-biere.fr\/?p=20345"},"modified":"2026-08-31T07:58:36","modified_gmt":"2026-08-31T07:58:36","slug":"massif-de-fontainebleau","status":"publish","type":"post","link":"https:\/\/www.mairie-chailly-en-biere.fr\/?p=20345","title":{"rendered":"Massif de Fontainebleau"},"content":{"rendered":"<p><img loading=\"lazy\" decoding=\"async\" class=\"size-thumbnail wp-image-18557 alignleft\" src=\"https:\/\/www.mairie-chailly-en-biere.fr\/wp-content\/uploads\/ARBRE2-150x150.jpg\" alt=\"\" width=\"150\" height=\"150\" \/>Les feux d\u00e9sormais consid\u00e9r\u00e9s comme \u00e9teints.<\/p>\n<p><a href=\"https:\/\/www.seine-et-marne.gouv.fr\/Actualites\/Incendies-dans-le-massif-de-Fontainebleau-les-feux-desormais-consideres-comme-eteints\" target=\"_blank\" rel=\"noopener\">https:\/\/www.seine-et-marne.gouv.fr\/Actualites\/Incendies-dans-le-massif-de-Fontainebleau-les-feux-desormais-consideres-comme-eteints<\/a><\/p>\n","protected":false},"excerpt":{"rendered":"<p>Les feux d\u00e9sormais consid\u00e9r\u00e9s comme \u00e9teints. https:\/\/www.seine-et-marne.gouv.fr\/Actualites\/Incendies-dans-le-massif-de-Fontainebleau-les-feux-desormais-consideres-comme-eteints<\/p>\n","protected":false},"author":2,"featured_media":0,"comment_status":"closed","ping_status":"closed","sticky":false,"template":"","format":"standard","meta":{"footnotes":""},"categories":[9],"tags":[],"class_list":["post-20345","post","type-post","status-publish","format-standard","hentry","category-flash-infos","nodate","item-wrap"],"_links":{"self":[{"href":"https:\/\/www.mairie-chailly-en-biere.fr\/index.php?rest_route=\/wp\/v2\/posts\/20345","targetHints":{"allow":["GET"]}}],"collection":[{"href":"https:\/\/www.mairie-chailly-en-biere.fr\/index.php?rest_route=\/wp\/v2\/posts"}],"about":[{"href":"https:\/\/www.mairie-chailly-en-biere.fr\/index.php?rest_route=\/wp\/v2\/types\/post"}],"author":[{"embeddable":true,"href":"https:\/\/www.mairie-chailly-en-biere.fr\/index.php?rest_route=\/wp\/v2\/users\/2"}],"replies":[{"embeddable":true,"href":"https:\/\/www.mairie-chailly-en-biere.fr\/index.php?rest_route=%2Fwp%2Fv2%2Fcomments&post=20345"}],"version-history":[{"count":1,"href":"https:\/\/www.mairie-chailly-en-biere.fr\/index.php?rest_route=\/wp\/v2\/posts\/20345\/revisions"}],"predecessor-version":[{"id":20346,"href":"https:\/\/www.mairie-chailly-en-biere.fr\/index.php?rest_route=\/wp\/v2\/posts\/20345\/revisions\/20346"}],"wp:attachment":[{"href":"https:\/\/www.mairie-chailly-en-biere.fr\/index.php?rest_route=%2Fwp%2Fv2%2Fmedia&parent=20345"}],"wp:term":[{"taxonomy":"category","embeddable":true,"href":"https:\/\/www.mairie-chailly-en-biere.fr\/index.php?rest_route=%2Fwp%2Fv2%2Fcategories&post=20345"},{"taxonomy":"post_tag","embeddable":true,"href":"https:\/\/www.mairie-chailly-en-biere.fr\/index.php?rest_route=%2Fwp%2Fv2%2Ftags&post=20345"}],"curies":[{"name":"wp","href":"https:\/\/api.w.org\/{rel}","templated":true}]}}